{"id":2304,"date":"2022-12-05T13:04:41","date_gmt":"2022-12-05T12:04:41","guid":{"rendered":"https:\/\/www.wellnessforbusiness.be\/le-bien-etre-au-travail-pour-votre-entreprise\/"},"modified":"2022-12-05T13:04:41","modified_gmt":"2022-12-05T12:04:41","slug":"le-bien-etre-au-travail-pour-votre-entreprise","status":"publish","type":"post","link":"https:\/\/www.wellnessforbusiness.be\/fr\/le-bien-etre-au-travail-pour-votre-entreprise\/","title":{"rendered":"Le bien-\u00eatre au travail pour votre entreprise"},"content":{"rendered":"\n<section class=\"gc-hero\">\n\t\n<div class=\"gc-container gc-hero__container\" >\n\t\t\t\t\t\t\t\t<div class=\"gc-breadcrumb gc-hero__breadcrumb\">\n\t<nav aria-label=\"breadcrumbs\" class=\"rank-math-breadcrumb\"><p><span class=\"last\">Home<\/span><\/p><\/nav>\n<\/div>\t\t\t\t\t\t<div class=\"gc-hero__content\">\n\t\t\t\t<div class=\"gc-hero__wrapper\">\n\t\t\t\t\t<h1 class=\"gc-hero__title\">\n\t\t\t\t\t\tAvantages du bien-\u00eatre au travail\n\t\t\t\t\t<\/h1>\n\t\t\t\t\t<div class=\"gc-hero__text\">\n\t\t\t\t\t\t<p>Le bien-\u00eatre au travail contribue \u00e0 <em>une augmentation de la productivit\u00e9, une diminution de l&#8217;absent\u00e9isme, une augmentation de la motivation<\/em> .<\/p>\n<p>Un employeur a donc tout int\u00e9r\u00eat \u00e0 organiser la sant\u00e9 au travail.<\/p>\n\n\t\t\t\t\t<\/div>\n\t\t\t\t<\/div>\n\t\t\t\t\t\t\t<\/div>\n\t\t\t<img loading=\"lazy\" decoding=\"async\" width=\"1440\" height=\"960\" src=\"https:\/\/www.wellnessforbusiness.be\/wp-content\/uploads\/DSCF1911-1440x960.jpg\" class=\"gc-hero__background\" alt=\"\" srcset=\"https:\/\/www.wellnessforbusiness.be\/wp-content\/uploads\/DSCF1911-1440x960.jpg 1440w, https:\/\/www.wellnessforbusiness.be\/wp-content\/uploads\/DSCF1911-300x200.jpg 300w, https:\/\/www.wellnessforbusiness.be\/wp-content\/uploads\/DSCF1911-1024x683.jpg 1024w, https:\/\/www.wellnessforbusiness.be\/wp-content\/uploads\/DSCF1911-768x512.jpg 768w, https:\/\/www.wellnessforbusiness.be\/wp-content\/uploads\/DSCF1911-1536x1024.jpg 1536w, https:\/\/www.wellnessforbusiness.be\/wp-content\/uploads\/DSCF1911-2048x1365.jpg 2048w\" sizes=\"auto, (max-width: 1440px) 100vw, 1440px\" \/>\n\t\t<\/div><\/section>\n\n<div class=\"gc-container\" >\n\t\t\t\n\n<div style=\"height:83px\" aria-hidden=\"true\" class=\"wp-block-spacer\"><\/div>\n\n\n\n<h6 class=\"wp-block-heading\">LES \u00c9TUDES SCIENTIFIQUES MONTRENT QUE :<\/h6>\n\n\n\n<p>* la mesure dans laquelle un employ\u00e9 peut faire face \u00e0 son travail est d\u00e9termin\u00e9e \u00e0 39\u00a0% par la sant\u00e9 de l&#8217;employ\u00e9.* investir dans la sant\u00e9 des employ\u00e9s est \u00e9galement payant\u00a0: &#8211; le temps de retour sur investissement des investissements dans la sant\u00e9 est inf\u00e9rieur \u00e0 plus de 60\u00a0% des cas de plus de 6 mois, \u2013 pour chaque euro investi dans la promotion de la sant\u00e9 au travail, les co\u00fbts de l&#8217;absent\u00e9isme diminuent de 2,5 \u00e0 4,8 euros.<\/p>\n\n\n\n<p>Wellness for Business vous offre <a href=\"https:\/\/www.wellnessforbusiness.be\/#infosessies\">divers services<\/a> pour favoriser la sant\u00e9 de vos employ\u00e9s. Nous sommes heureux de vous aider \u00e0 \u00e9laborer un plan bien-\u00eatre ou \u00e0 organiser une semaine sant\u00e9 ou une journ\u00e9e vitalit\u00e9. <a href=\"https:\/\/www.wellnessforbusiness.be\/fr\/contact\/\" class=\"rank-math-link\">Contactez-nous<\/a> pour plus d&#8217;informations.<\/p>\n\n\n\n<div style=\"height:83px\" aria-hidden=\"true\" class=\"wp-block-spacer\"><\/div>\n\n\n\t<\/div>\n<section class=\"gc-links gc-links--or\">\n\t\n<div class=\"gc-container gc-links__container\" >\n\t\t\t\t<div class=\"gc-links__wrapper\">\n\t\t\t\t<h2 class=\"gc-links__title\">\n\t\t\t\t\tSant\u00e9 des employ\u00e9s<br \/>\nComment s&#8217;am\u00e9liorer ?\n\n\t\t\t\t<\/h2>\n\t\t\t\t<div class=\"gc-links__subtitle h4\">\n\t\t\t\t\tRenseignez-vous \u00e9galement sur nos ateliers interactifs et nos webinaires \u00e0 l&#8217;adresse suivante<br \/>\nLe bien-\u00eatre en entreprise\n\n\t\t\t\t<\/div>\n\t\t\t\t\t\t\t\t\t<div class=\"gc-links__links gc-links__links--center\">\n\t\t\t\t\t\t\t\t\t\t\t\t\t<a href=\"https:\/\/www.wellnessforbusiness.be\/workshops\/\" class=\"gc-links__link\">\n\t\t\t\t\t\t\t\t<div class=\"gc-links__icon-wrapper\">\n\t\t\t\t\t\t\t\t\t<img loading=\"lazy\" decoding=\"async\" width=\"48\" height=\"48\" src=\"https:\/\/www.wellnessforbusiness.be\/wp-content\/uploads\/Vector-1.png\" class=\"gc-links__icon\" alt=\"\" \/>\n\t\t\t\t\t\t\t\t<\/div>\n\t\t\t\t\t\t\t\t<h3 class=\"gc-links__link-title\">\n\t\t\t\t\t\t\t\t\tAteliers\n\t\t\t\t\t\t\t\t<\/h3>\n\t\t\t\t\t\t\t\t\t\n\n\n<div class=\"gc-button-icon gc-links__button\"   >\n\t<svg class='gc-button-icon__icon' xmlns=\"http:\/\/www.w3.org\/2000\/svg\" viewBox=\"0 0 448 512\"><!-- Font Awesome Pro 5.15.1 by @fontawesome - https:\/\/fontawesome.com License - https:\/\/fontawesome.com\/license (Commercial License) --><path d=\"M190.5 66.9l22.2-22.2c9.4-9.4 24.6-9.4 33.9 0L441 239c9.4 9.4 9.4 24.6 0 33.9L246.6 467.3c-9.4 9.4-24.6 9.4-33.9 0l-22.2-22.2c-9.5-9.5-9.3-25 .4-34.3L311.4 296H24c-13.3 0-24-10.7-24-24v-32c0-13.3 10.7-24 24-24h287.4L190.9 101.2c-9.8-9.3-10-24.8-.4-34.3z\"\/><\/svg>\n<\/div>\t\t\t\t\t\t\t<\/a>\n\t\t\t\t\t\t\t\t\t\t\t<\/div>\n\t\t\t\t\t\t\t<\/div>\n\t\t<\/div><\/section>","protected":false},"excerpt":{"rendered":"","protected":false},"author":1,"featured_media":0,"comment_status":"closed","ping_status":"open","sticky":false,"template":"","format":"standard","meta":{"_acf_changed":false,"footnotes":""},"categories":[36],"tags":[],"class_list":["post-2304","post","type-post","status-publish","format-standard","hentry","category-des-articles"],"acf":[],"_links":{"self":[{"href":"https:\/\/www.wellnessforbusiness.be\/fr\/wp-json\/wp\/v2\/posts\/2304","targetHints":{"allow":["GET"]}}],"collection":[{"href":"https:\/\/www.wellnessforbusiness.be\/fr\/wp-json\/wp\/v2\/posts"}],"about":[{"href":"https:\/\/www.wellnessforbusiness.be\/fr\/wp-json\/wp\/v2\/types\/post"}],"author":[{"embeddable":true,"href":"https:\/\/www.wellnessforbusiness.be\/fr\/wp-json\/wp\/v2\/users\/1"}],"replies":[{"embeddable":true,"href":"https:\/\/www.wellnessforbusiness.be\/fr\/wp-json\/wp\/v2\/comments?post=2304"}],"version-history":[{"count":1,"href":"https:\/\/www.wellnessforbusiness.be\/fr\/wp-json\/wp\/v2\/posts\/2304\/revisions"}],"predecessor-version":[{"id":2306,"href":"https:\/\/www.wellnessforbusiness.be\/fr\/wp-json\/wp\/v2\/posts\/2304\/revisions\/2306"}],"wp:attachment":[{"href":"https:\/\/www.wellnessforbusiness.be\/fr\/wp-json\/wp\/v2\/media?parent=2304"}],"wp:term":[{"taxonomy":"category","embeddable":true,"href":"https:\/\/www.wellnessforbusiness.be\/fr\/wp-json\/wp\/v2\/categories?post=2304"},{"taxonomy":"post_tag","embeddable":true,"href":"https:\/\/www.wellnessforbusiness.be\/fr\/wp-json\/wp\/v2\/tags?post=2304"}],"curies":[{"name":"wp","href":"https:\/\/api.w.org\/{rel}","templated":true}]}}